{"id":1679,"global_id":"garecentrale.be\/wp?id=1679","global_id_lineage":["garecentrale.be\/wp?id=1679"],"author":"1","status":"publish","date":"2018-04-23 13:40:41","date_utc":"2018-04-23 12:40:41","modified":"2018-04-23 13:40:41","modified_utc":"2018-04-23 12:40:41","url":"https:\/\/garecentrale.be\/wp\/spectacle\/laboratoire-de-la-poesie-a-lobjet\/","rest_url":"https:\/\/garecentrale.be\/wp\/wp-json\/tribe\/events\/v1\/events\/1679","title":"Laboratoire : de la po\u00e9sie \u00e0 l&rsquo;objet","description":"<p>Laboratoire en collaboration avec l&rsquo;INTI th\u00e9\u00e2tre, il se d\u00e9roulera au Centre Culturel Bruegel.<\/p>\n<p>12 participants professionnels seront s\u00e9lectionn\u00e9s (sur CV et lettre de motivation).<\/p>\n<p>Voir la\u00a0<a href=\"http:\/\/garecentrale.be\/wp\/laboratoire-la-poesie-face-a-lobjet\/\">fiche du laboratoire<\/a>\u00a0dans nos actualit\u00e9s pour plus d&rsquo;informations.<\/p>","excerpt":"","slug":"laboratoire-de-la-poesie-a-lobjet","image":false,"all_day":false,"start_date":"2018-09-01 09:00:00","start_date_details":{"year":"2018","month":"09","day":"01","hour":"09","minutes":"00","seconds":"00"},"end_date":"2018-09-09 18:00:00","end_date_details":{"year":"2018","month":"09","day":"09","hour":"18","minutes":"00","seconds":"00"},"utc_start_date":"2018-09-01 07:00:00","utc_start_date_details":{"year":"2018","month":"09","day":"01","hour":"07","minutes":"00","seconds":"00"},"utc_end_date":"2018-09-09 16:00:00","utc_end_date_details":{"year":"2018","month":"09","day":"09","hour":"16","minutes":"00","seconds":"00"},"timezone":"UTC+1","timezone_abbr":"","cost":"","cost_details":{"currency_symbol":"","currency_code":"","currency_position":"suffix","values":[]},"website":"","show_map":true,"show_map_link":true,"hide_from_listings":false,"sticky":false,"featured":false,"categories":[{"name":"Laboratoire","slug":"laboratoire","term_group":0,"term_taxonomy_id":8,"taxonomy":"tribe_events_cat","description":"","parent":0,"count":33,"filter":"raw","term_order":"0","i18n_config":{"name":{"ts":{"fr":"Laboratoire","en":"Laboratory"}}},"id":8,"urls":{"self":"https:\/\/garecentrale.be\/wp\/wp-json\/tribe\/events\/v1\/categories\/8","collection":"https:\/\/garecentrale.be\/wp\/wp-json\/tribe\/events\/v1\/categories"}},{"name":"Tous les spectacles","slug":"tous","term_group":0,"term_taxonomy_id":9,"taxonomy":"tribe_events_cat","description":"","parent":0,"count":226,"filter":"raw","term_order":"0","i18n_config":{"name":{"ts":{"fr":"Tous les spectacles","en":"All shows"}}},"id":9,"urls":{"self":"https:\/\/garecentrale.be\/wp\/wp-json\/tribe\/events\/v1\/categories\/9","collection":"https:\/\/garecentrale.be\/wp\/wp-json\/tribe\/events\/v1\/categories"}}],"tags":[],"venue":{"id":1680,"author":"1","status":"publish","date":"2018-04-23 13:40:41","date_utc":"2018-04-23 12:40:41","modified":"2018-04-23 13:40:41","modified_utc":"2018-04-23 12:40:41","url":"https:\/\/garecentrale.be\/wp\/lieu\/centre-culturel-bruegel\/","venue":"Centre Culturel Bruegel","slug":"centre-culturel-bruegel","address":"Rue des Renards, 1E","city":"Bruxelles","country":"Belgique","zip":"1000","phone":"025034268","website":"www.ccbruegel.be","json_ld":{"@type":"Place","name":"Centre Culturel Bruegel","description":"","url":"","address":{"@type":"PostalAddress","streetAddress":"Rue des Renards, 1E","addressLocality":"Bruxelles","postalCode":"1000","addressCountry":"Belgique"},"telephone":"025034268","sameAs":"www.ccbruegel.be"},"show_map":true,"show_map_link":true,"global_id":"garecentrale.be\/wp?id=1680","global_id_lineage":["garecentrale.be\/wp?id=1680"]},"organizer":[],"custom_fields":[],"json_ld":{"@context":"http:\/\/schema.org","@type":"Event","name":"Laboratoire : de la po\u00e9sie \u00e0 l&rsquo;objet","description":"&lt;p&gt;Laboratoire en collaboration avec l\\'INTI th\u00e9\u00e2tre, il se d\u00e9roulera au Centre Culturel Bruegel. 12 participants professionnels seront s\u00e9lectionn\u00e9s (sur CV...&lt;\/p&gt;\\n","url":"https:\/\/garecentrale.be\/wp\/spectacle\/laboratoire-de-la-poesie-a-lobjet\/","eventAttendanceMode":"https:\/\/schema.org\/OfflineEventAttendanceMode","eventStatus":"https:\/\/schema.org\/EventScheduled","startDate":"2018-09-01T09:00:00+01:00","endDate":"2018-09-09T18:00:00+01:00","location":{"@type":"Place","name":"Centre Culturel Bruegel","description":"","url":"","address":{"@type":"PostalAddress","streetAddress":"Rue des Renards, 1E","addressLocality":"Bruxelles","postalCode":"1000","addressCountry":"Belgique"},"telephone":"025034268","sameAs":"www.ccbruegel.be"},"performer":"Organization"}}