{"id":730,"global_id":"garecentrale.be\/wp?id=730","global_id_lineage":["garecentrale.be\/wp?id=730"],"author":"1","status":"publish","date":"2016-08-29 14:29:52","date_utc":"2016-08-29 13:29:52","modified":"2016-09-22 14:55:52","modified_utc":"2016-09-22 13:55:52","url":"https:\/\/garecentrale.be\/wp\/spectacle\/ressacs-13\/","rest_url":"https:\/\/garecentrale.be\/wp\/wp-json\/tribe\/events\/v1\/events\/730","title":"Ressacs","description":"<p>Repr\u00e9sentations scolaires le 7 f\u00e9vrier en journ\u00e9e et repr\u00e9sentation tout public le 8 f\u00e9vrier \u00e0 19h<\/p>\n<p>En collaboration avec les Chiroux<\/p>","excerpt":"","slug":"ressacs-13","image":false,"all_day":true,"start_date":"2017-02-07 00:00:00","start_date_details":{"year":"2017","month":"02","day":"07","hour":"00","minutes":"00","seconds":"00"},"end_date":"2017-02-08 23:59:59","end_date_details":{"year":"2017","month":"02","day":"08","hour":"23","minutes":"59","seconds":"59"},"utc_start_date":"2017-02-06 23:00:00","utc_start_date_details":{"year":"2017","month":"02","day":"06","hour":"23","minutes":"00","seconds":"00"},"utc_end_date":"2017-02-08 22:59:59","utc_end_date_details":{"year":"2017","month":"02","day":"08","hour":"22","minutes":"59","seconds":"59"},"timezone":"UTC+1","timezone_abbr":"","cost":"","cost_details":{"currency_symbol":"","currency_code":"","currency_position":"suffix","values":[]},"website":"","show_map":true,"show_map_link":true,"hide_from_listings":false,"sticky":false,"featured":false,"categories":[{"name":"Ressacs","slug":"ressacs","term_group":0,"term_taxonomy_id":3,"taxonomy":"tribe_events_cat","description":"","parent":0,"count":47,"filter":"raw","term_order":"0","i18n_config":{"name":{"ts":{"fr":"Ressacs"}}},"id":3,"urls":{"self":"https:\/\/garecentrale.be\/wp\/wp-json\/tribe\/events\/v1\/categories\/3","collection":"https:\/\/garecentrale.be\/wp\/wp-json\/tribe\/events\/v1\/categories"}},{"name":"Tous les spectacles","slug":"tous","term_group":0,"term_taxonomy_id":9,"taxonomy":"tribe_events_cat","description":"","parent":0,"count":226,"filter":"raw","term_order":"0","i18n_config":{"name":{"ts":{"fr":"Tous les spectacles","en":"All shows"}}},"id":9,"urls":{"self":"https:\/\/garecentrale.be\/wp\/wp-json\/tribe\/events\/v1\/categories\/9","collection":"https:\/\/garecentrale.be\/wp\/wp-json\/tribe\/events\/v1\/categories"}}],"tags":[],"venue":{"id":26,"author":"1","status":"publish","date":"2016-03-26 17:53:42","date_utc":"2016-03-26 16:53:42","modified":"2016-03-31 16:40:03","modified_utc":"2016-03-31 15:40:03","url":"https:\/\/garecentrale.be\/wp\/lieu\/theatre-de-liege\/","venue":"Th\u00e9\u00e2tre de Li\u00e8ge","slug":"theatre-de-liege","city":"Li\u00e8ge","country":"Belgique","zip":"4000","json_ld":{"@type":"Place","name":"Th\u00e9\u00e2tre de Li\u00e8ge","description":"","url":"","address":{"@type":"PostalAddress","addressLocality":"Li\u00e8ge","postalCode":"4000","addressCountry":"Belgique"},"telephone":"","sameAs":""},"show_map":true,"show_map_link":true,"global_id":"garecentrale.be\/wp?id=26","global_id_lineage":["garecentrale.be\/wp?id=26"]},"organizer":[],"custom_fields":[],"json_ld":{"@context":"http:\/\/schema.org","@type":"Event","name":"Ressacs","description":"&lt;p&gt;Repr\u00e9sentations scolaires le 7 f\u00e9vrier en journ\u00e9e et repr\u00e9sentation tout public le 8 f\u00e9vrier \u00e0 19h En collaboration avec les...&lt;\/p&gt;\\n","url":"https:\/\/garecentrale.be\/wp\/spectacle\/ressacs-13\/","eventAttendanceMode":"https:\/\/schema.org\/OfflineEventAttendanceMode","eventStatus":"https:\/\/schema.org\/EventScheduled","startDate":"2017-02-07T00:00:00+01:00","endDate":"2017-02-08T23:59:59+01:00","location":{"@type":"Place","name":"Th\u00e9\u00e2tre de Li\u00e8ge","description":"","url":"","address":{"@type":"PostalAddress","addressLocality":"Li\u00e8ge","postalCode":"4000","addressCountry":"Belgique"},"telephone":"","sameAs":""},"performer":"Organization"}}