{"id":731,"global_id":"garecentrale.be\/wp?id=731","global_id_lineage":["garecentrale.be\/wp?id=731"],"author":"1","status":"publish","date":"2016-08-29 14:34:25","date_utc":"2016-08-29 13:34:25","modified":"2016-08-29 14:41:05","modified_utc":"2016-08-29 13:41:05","url":"https:\/\/garecentrale.be\/wp\/spectacle\/petites-fables\/","rest_url":"https:\/\/garecentrale.be\/wp\/wp-json\/tribe\/events\/v1\/events\/731","title":"Petites Fables","description":"<p>A deux pas du Th\u00e9\u00e2tre des Martyrs, au 57 de la rue du Marais, se trouve un autre th\u00e9\u00e2tre : le Th\u00e9\u00e2tre La Montagne Magique cr\u00e9e voici vingt et une ann\u00e9es par Roger Deldime et Jeanne Pigeon, avec pour objectifs et publics l\u2019enfance et l\u2019adolescence.<\/p>\n<p>Les deux th\u00e9\u00e2tres s\u2019associent cette saison pour accueillir Agn\u00e8s Limbos, au cours d\u2019une quinzaine exceptionnelle o\u00f9 seront pr\u00e9sent\u00e9s quatre spectacles\u00a0qu\u2019elle y soit interpr\u00e8te et metteuse en sc\u00e8ne dans <em>Petites fables<\/em>, <em>Conversation avec un jeune homme<\/em>, <em>Ressacs <\/em>de la Compagnie Gare Centrale, ou collaboratrice artistique dans <em>Carmen <\/em>de la Compagnie Karyatides, (mise en sc\u00e8ne par F\u00e9licie Artaud).<\/p>\n<p>&nbsp;<\/p>\n<p>le 12 f\u00e9vrier \u00e0 15h<br \/>\nle 13 f\u00e9vrier \u00e0 10h et 13h30<br \/>\nle 14 f\u00e9vrier \u00e0 10h et 13h30<br \/>\nle 15 f\u00e9vrier \u00e0 10h et 19h30<\/p>","excerpt":"","slug":"petites-fables","image":false,"all_day":true,"start_date":"2017-02-12 00:00:00","start_date_details":{"year":"2017","month":"02","day":"12","hour":"00","minutes":"00","seconds":"00"},"end_date":"2017-02-15 23:59:59","end_date_details":{"year":"2017","month":"02","day":"15","hour":"23","minutes":"59","seconds":"59"},"utc_start_date":"2017-02-11 23:00:00","utc_start_date_details":{"year":"2017","month":"02","day":"11","hour":"23","minutes":"00","seconds":"00"},"utc_end_date":"2017-02-15 22:59:59","utc_end_date_details":{"year":"2017","month":"02","day":"15","hour":"22","minutes":"59","seconds":"59"},"timezone":"UTC+1","timezone_abbr":"","cost":"","cost_details":{"currency_symbol":"","currency_code":"","currency_position":"suffix","values":[]},"website":"","show_map":true,"show_map_link":true,"hide_from_listings":false,"sticky":false,"featured":false,"categories":[{"name":"Tous les spectacles","slug":"tous","term_group":0,"term_taxonomy_id":9,"taxonomy":"tribe_events_cat","description":"","parent":0,"count":226,"filter":"raw","term_order":"0","i18n_config":{"name":{"ts":{"fr":"Tous les spectacles","en":"All shows"}}},"id":9,"urls":{"self":"https:\/\/garecentrale.be\/wp\/wp-json\/tribe\/events\/v1\/categories\/9","collection":"https:\/\/garecentrale.be\/wp\/wp-json\/tribe\/events\/v1\/categories"}},{"name":"Petites Fables","slug":"petites-fables","term_group":0,"term_taxonomy_id":18,"taxonomy":"tribe_events_cat","description":"","parent":0,"count":5,"filter":"raw","term_order":"0","i18n_config":{"name":{"ts":{"fr":"Petites Fables"}}},"id":18,"urls":{"self":"https:\/\/garecentrale.be\/wp\/wp-json\/tribe\/events\/v1\/categories\/18","collection":"https:\/\/garecentrale.be\/wp\/wp-json\/tribe\/events\/v1\/categories"}}],"tags":[],"venue":{"id":732,"author":"1","status":"publish","date":"2016-08-29 14:34:25","date_utc":"2016-08-29 13:34:25","modified":"2016-08-29 14:34:25","modified_utc":"2016-08-29 13:34:25","url":"https:\/\/garecentrale.be\/wp\/lieu\/la-montagne-magique\/","venue":"La Montagne Magique","slug":"la-montagne-magique","address":"rue du Marais, 57","city":"Bruxelles","country":"Belgique","zip":"1000","phone":"+32 2 210 15 90","website":"www.theatremontagnemagique.be","json_ld":{"@type":"Place","name":"La Montagne Magique","description":"","url":"","address":{"@type":"PostalAddress","streetAddress":"rue du Marais, 57","addressLocality":"Bruxelles","postalCode":"1000","addressCountry":"Belgique"},"telephone":"+32 2 210 15 90","sameAs":"www.theatremontagnemagique.be"},"show_map":true,"show_map_link":true,"global_id":"garecentrale.be\/wp?id=732","global_id_lineage":["garecentrale.be\/wp?id=732"]},"organizer":[],"custom_fields":[],"json_ld":{"@context":"http:\/\/schema.org","@type":"Event","name":"Petites Fables","description":"&lt;p&gt;A deux pas du Th\u00e9\u00e2tre des Martyrs, au 57 de la rue du Marais, se trouve un autre th\u00e9\u00e2tre :...&lt;\/p&gt;\\n","url":"https:\/\/garecentrale.be\/wp\/spectacle\/petites-fables\/","eventAttendanceMode":"https:\/\/schema.org\/OfflineEventAttendanceMode","eventStatus":"https:\/\/schema.org\/EventScheduled","startDate":"2017-02-12T00:00:00+01:00","endDate":"2017-02-15T23:59:59+01:00","location":{"@type":"Place","name":"La Montagne Magique","description":"","url":"","address":{"@type":"PostalAddress","streetAddress":"rue du Marais, 57","addressLocality":"Bruxelles","postalCode":"1000","addressCountry":"Belgique"},"telephone":"+32 2 210 15 90","sameAs":"www.theatremontagnemagique.be"},"performer":"Organization"}}